{"id":112,"date":"2022-09-15T17:11:51","date_gmt":"2022-09-15T17:11:51","guid":{"rendered":"https:\/\/exactas.uba.ar\/web\/archivomemoriaoral\/?p=112"},"modified":"2023-03-21T17:37:17","modified_gmt":"2023-03-21T17:37:17","slug":"jose-luis-zaritzky","status":"publish","type":"post","link":"https:\/\/exactas.uba.ar\/web\/archivomemoriaoral\/jose-luis-zaritzky\/","title":{"rendered":"Jos\u00e9 Luis Zaritzky"},"content":{"rendered":"<audio class=\"wp-audio-shortcode\" id=\"audio-112-1\" preload=\"none\" style=\"width: 100%;\" controls=\"controls\"><source type=\"audio\/mpeg\" src=\"https:\/\/exactas.uba.ar\/web\/archivomemoriaoral\/wp-content\/uploads\/testimonios\/jose-luis-zaritzky.mp3?_=1\" \/><a href=\"https:\/\/exactas.uba.ar\/web\/archivomemoriaoral\/wp-content\/uploads\/testimonios\/jose-luis-zaritzky.mp3\">https:\/\/exactas.uba.ar\/web\/archivomemoriaoral\/wp-content\/uploads\/testimonios\/jose-luis-zaritzky.mp3<\/a><\/audio>\n<h3><span style=\"font-weight: 400\">Marcadores temporales de temas<\/span><\/h3>\n<p><span style=\"font-weight: 400\">00:07 \u2013 Cursa el ingreso a la Facultad en 1970<\/span><\/p>\n<p><span style=\"font-weight: 400\">01:37 \u2013 Clima que se viv\u00eda en la Facultad en esos a\u00f1os de dictadura<\/span><\/p>\n<p><span style=\"font-weight: 400\">03:17 \u2013 Detienen a un compa\u00f1ero suyo en la \u201cMarcha contra el hambre\u201d<\/span><\/p>\n<p><span style=\"font-weight: 400\">07:16 \u2013 Planes para hacer una capilla en la Facultad. \u201cSe sent\u00edan los ecos de los bastones largos\u201d<\/span><\/p>\n<p><span style=\"font-weight: 400\">09:28 \u2013 Situaci\u00f3n de la Facultad a partir del retorno de la democracia en 1973<\/span><\/p>\n<p><span style=\"font-weight: 400\">13:22 \u2013 Etapa de movilizaci\u00f3n y gran participaci\u00f3n pol\u00edtica<\/span><\/p>\n<p><span style=\"font-weight: 400\">15:06 \u2013 Impacto de la efervescencia pol\u00edtica en el nivel acad\u00e9mico<\/span><\/p>\n<p><span style=\"font-weight: 400\">17:42 \u2013 Un grupo parapolicial lo va a buscar a su casa\u00a0<\/span><\/p>\n<p><span style=\"font-weight: 400\">20:27 \u2013 Aumento de los niveles de violencia\u00a0<\/span><\/p>\n<p><span style=\"font-weight: 400\">24:23 \u2013 Retoma sus estudios en 1978. Situaci\u00f3n de la Facultad\u00a0<\/span><\/p>\n<p><span style=\"font-weight: 400\">27:27 \u2013 Creaci\u00f3n de la revista Interacci\u00f3n<\/span><\/p>\n<p><span style=\"font-weight: 400\">32:56 \u2013 Autoridades secuestran las revistas. Reuni\u00f3n con el decano<\/span><\/p>\n<p><span style=\"font-weight: 400\">34:30 \u2013 Lo detienen varias veces y lo amenaza la polic\u00eda<\/span><\/p>\n<p><span style=\"font-weight: 400\">38:01 \u2013 Picnic del d\u00eda de la primavera. Detenciones masivas de la polic\u00eda<\/span><\/p>\n<p><span style=\"font-weight: 400\">44:43 \u2013 Posibilidad de irse al exilio<\/span><\/p>\n<p><span style=\"font-weight: 400\">46:07 \u2013 C\u00f3mo impactaba su militancia en su carrera<\/span><\/p>\n<p><span style=\"font-weight: 400\">48:51 \u2013 Reacciones de los estudiantes frente a las peque\u00f1as acciones de resistencia<\/span><\/p>\n<p><span style=\"font-weight: 400\">50:49 \u2013 C\u00f3mo era estudiar y vivir sabiendo que estaba \u201cmarcado\u201d<\/span><\/p>\n<p><span style=\"font-weight: 400\">53:36 \u2013 Encuentro a solas con un polic\u00eda en el ascensor del Pabell\u00f3n 2<\/span><\/p>\n<p><span style=\"font-weight: 400\">56:58 \u2013 Importancia de mantener viva la memoria de lo sucedido<\/span><\/p>\n<h5>Handle<\/h5>\n<p>http:\/\/hdl.handle.net\/20.500.12110\/audio_n022<\/p>\n","protected":false},"excerpt":{"rendered":"Jos\u00e9 Luis Zaritzky ingres\u00f3 a la Facultad en 1971 para estudiar f\u00edsica. En el 74, luego de la intervenci\u00f3n de Ottalagano en la UBA y el cierre temporario de Exactas decidi\u00f3 alejarse. Retom\u00f3 su carrera en 1978 en plena dictadura militar. Durante la charla, recuerda el accionar de grupos parapoliciales ya durante la dictadura de Lanusse, y califica de \u201cca\u00f3tica\u201d la situaci\u00f3n de la Facultad con el retorno de la democracia en 1973. Cuando retorna en el 78, encuentra una Facultad donde reinaba \u201cun clima de terror\u201d y hab\u00eda mucho temor a las delaciones, describe con detalle todo el proceso de publicaci\u00f3n de la revista Interacci\u00f3n y relata las distintas ocasiones en que fue detenido y amenazado.\r\n","protected":false},"author":1,"featured_media":74,"comment_status":"open","ping_status":"open","sticky":false,"template":"","format":"standard","meta":{"footnotes":""},"categories":[1],"tags":[5,7,8,3,6,4,16,17,2],"class_list":["post-112","post","type-post","status-publish","format-standard","has-post-thumbnail","hentry","category-testimonios","tag-centro-de-estudiantes","tag-derechos-humanos","tag-desaparecidos","tag-dictadura","tag-militancia","tag-represion","tag-resistencia","tag-revista-interaccion","tag-universidad"],"acf":[],"_links":{"self":[{"href":"https:\/\/exactas.uba.ar\/web\/archivomemoriaoral\/wp-json\/wp\/v2\/posts\/112","targetHints":{"allow":["GET"]}}],"collection":[{"href":"https:\/\/exactas.uba.ar\/web\/archivomemoriaoral\/wp-json\/wp\/v2\/posts"}],"about":[{"href":"https:\/\/exactas.uba.ar\/web\/archivomemoriaoral\/wp-json\/wp\/v2\/types\/post"}],"author":[{"embeddable":true,"href":"https:\/\/exactas.uba.ar\/web\/archivomemoriaoral\/wp-json\/wp\/v2\/users\/1"}],"replies":[{"embeddable":true,"href":"https:\/\/exactas.uba.ar\/web\/archivomemoriaoral\/wp-json\/wp\/v2\/comments?post=112"}],"version-history":[{"count":12,"href":"https:\/\/exactas.uba.ar\/web\/archivomemoriaoral\/wp-json\/wp\/v2\/posts\/112\/revisions"}],"predecessor-version":[{"id":267,"href":"https:\/\/exactas.uba.ar\/web\/archivomemoriaoral\/wp-json\/wp\/v2\/posts\/112\/revisions\/267"}],"wp:featuredmedia":[{"embeddable":true,"href":"https:\/\/exactas.uba.ar\/web\/archivomemoriaoral\/wp-json\/wp\/v2\/media\/74"}],"wp:attachment":[{"href":"https:\/\/exactas.uba.ar\/web\/archivomemoriaoral\/wp-json\/wp\/v2\/media?parent=112"}],"wp:term":[{"taxonomy":"category","embeddable":true,"href":"https:\/\/exactas.uba.ar\/web\/archivomemoriaoral\/wp-json\/wp\/v2\/categories?post=112"},{"taxonomy":"post_tag","embeddable":true,"href":"https:\/\/exactas.uba.ar\/web\/archivomemoriaoral\/wp-json\/wp\/v2\/tags?post=112"}],"curies":[{"name":"wp","href":"https:\/\/api.w.org\/{rel}","templated":true}]}}