{"id":378,"date":"2021-10-12T12:46:48","date_gmt":"2021-10-12T12:46:48","guid":{"rendered":"https:\/\/exactas.uba.ar\/popularizacion\/?p=378"},"modified":"2021-10-12T12:58:16","modified_gmt":"2021-10-12T12:58:16","slug":"semana-de-las-ciencias-de-datos","status":"publish","type":"post","link":"https:\/\/exactas.uba.ar\/popularizacion\/semana-de-las-ciencias-de-datos\/","title":{"rendered":"Semana de las Ciencias de Datos"},"content":{"rendered":"<p><a href=\"https:\/\/exactas.uba.ar\/popularizacion\/semana-de-las-ciencias-de-datos\/header-semana-de-las-ciencias-de-datos-2021-01\/\" rel=\"attachment wp-att-379\"><img loading=\"lazy\" decoding=\"async\" width=\"700\" height=\"175\" class=\"size-large wp-image-379 aligncenter\" src=\"https:\/\/exactas.uba.ar\/popularizacion\/wp-content\/uploads\/2021\/10\/HEADER-Semana-de-las-Ciencias-de-Datos-2021-01-700x175.jpg\" alt=\"\" srcset=\"https:\/\/exactas.uba.ar\/popularizacion\/wp-content\/uploads\/2021\/10\/HEADER-Semana-de-las-Ciencias-de-Datos-2021-01-700x175.jpg 700w, https:\/\/exactas.uba.ar\/popularizacion\/wp-content\/uploads\/2021\/10\/HEADER-Semana-de-las-Ciencias-de-Datos-2021-01-250x63.jpg 250w, https:\/\/exactas.uba.ar\/popularizacion\/wp-content\/uploads\/2021\/10\/HEADER-Semana-de-las-Ciencias-de-Datos-2021-01-768x192.jpg 768w, https:\/\/exactas.uba.ar\/popularizacion\/wp-content\/uploads\/2021\/10\/HEADER-Semana-de-las-Ciencias-de-Datos-2021-01-1536x384.jpg 1536w, https:\/\/exactas.uba.ar\/popularizacion\/wp-content\/uploads\/2021\/10\/HEADER-Semana-de-las-Ciencias-de-Datos-2021-01-120x30.jpg 120w, https:\/\/exactas.uba.ar\/popularizacion\/wp-content\/uploads\/2021\/10\/HEADER-Semana-de-las-Ciencias-de-Datos-2021-01.jpg 1600w\" sizes=\"auto, (max-width: 700px) 100vw, 700px\" \/><\/a><\/p>\n<p>&nbsp;<\/p>\n<p>Les invitamos a participar de la\u00a0<strong>Semana de las Ciencias de Datos <\/strong>que se realizar\u00e1, en formato virtual, del<strong> 26 al 28 de octubre<\/strong>. Durante esos tres d\u00edas, podr\u00e1n encontrar en nuestro canal de Youtube y en nuestro Facebook charlas en vivo, videos explicativos y talleres interactivos- con inscripci\u00f3n previa-.<\/p>\n<p>Hasta el <strong>19\/10<\/strong>\u00a0estar\u00e1 abierta la inscripci\u00f3n a las actividades interactivas. Para anotar a cursos o escuelas, completen el formulario haciendo click <a href=\"https:\/\/forms.gle\/R2g9YS3guAiannz59\" target=\"_blank\" rel=\"noopener\">aqu\u00ed.<\/a><\/p>\n<h4><a href=\"https:\/\/exactas.uba.ar\/popularizacion\/semanas-de-las-ciencias\/semanas-2021\/\">Cronograma de actividades<\/a><\/h4>\n","protected":false},"excerpt":{"rendered":"&nbsp; Les invitamos a participar de la\u00a0Semana de las Ciencias de Datos que se realizar\u00e1, en formato virtual, del 26 al 28 de octubre. Durante esos tres d\u00edas, podr\u00e1n encontrar en nuestro canal de Youtube y en nuestro Facebook charlas en vivo, videos explicativos y talleres interactivos- con inscripci\u00f3n previa-. Hasta el 19\/10\u00a0estar\u00e1 abierta la&#8230; <a class=\"view-article\" href=\"https:\/\/exactas.uba.ar\/popularizacion\/semana-de-las-ciencias-de-datos\/\">LEER +<\/a>","protected":false},"author":2,"featured_media":0,"comment_status":"closed","ping_status":"closed","sticky":false,"template":"","format":"standard","meta":{"_acf_changed":false,"footnotes":""},"categories":[7],"tags":[],"class_list":["post-378","post","type-post","status-publish","format-standard","hentry","category-semana-de-las-ciencias"],"acf":[],"_links":{"self":[{"href":"https:\/\/exactas.uba.ar\/popularizacion\/wp-json\/wp\/v2\/posts\/378","targetHints":{"allow":["GET"]}}],"collection":[{"href":"https:\/\/exactas.uba.ar\/popularizacion\/wp-json\/wp\/v2\/posts"}],"about":[{"href":"https:\/\/exactas.uba.ar\/popularizacion\/wp-json\/wp\/v2\/types\/post"}],"author":[{"embeddable":true,"href":"https:\/\/exactas.uba.ar\/popularizacion\/wp-json\/wp\/v2\/users\/2"}],"replies":[{"embeddable":true,"href":"https:\/\/exactas.uba.ar\/popularizacion\/wp-json\/wp\/v2\/comments?post=378"}],"version-history":[{"count":6,"href":"https:\/\/exactas.uba.ar\/popularizacion\/wp-json\/wp\/v2\/posts\/378\/revisions"}],"predecessor-version":[{"id":386,"href":"https:\/\/exactas.uba.ar\/popularizacion\/wp-json\/wp\/v2\/posts\/378\/revisions\/386"}],"wp:attachment":[{"href":"https:\/\/exactas.uba.ar\/popularizacion\/wp-json\/wp\/v2\/media?parent=378"}],"wp:term":[{"taxonomy":"category","embeddable":true,"href":"https:\/\/exactas.uba.ar\/popularizacion\/wp-json\/wp\/v2\/categories?post=378"},{"taxonomy":"post_tag","embeddable":true,"href":"https:\/\/exactas.uba.ar\/popularizacion\/wp-json\/wp\/v2\/tags?post=378"}],"curies":[{"name":"wp","href":"https:\/\/api.w.org\/{rel}","templated":true}]}}