{"id":1588,"date":"2025-05-27T16:00:31","date_gmt":"2025-05-27T16:00:31","guid":{"rendered":"https:\/\/exactas.uba.ar\/popularizacion\/?p=1588"},"modified":"2025-05-27T16:00:43","modified_gmt":"2025-05-27T16:00:43","slug":"semana-de-la-computacion-y-de-las-ciencias-de-datos-2025","status":"publish","type":"post","link":"https:\/\/exactas.uba.ar\/popularizacion\/semana-de-la-computacion-y-de-las-ciencias-de-datos-2025\/","title":{"rendered":"Semana de la Computaci\u00f3n y de las Ciencias de Datos 2025"},"content":{"rendered":"<p><span style=\"font-weight: 400;\">Les invitamos a participar de la <\/span><b>Semana de la Computaci\u00f3n y de las Ciencias de Datos <\/b><span style=\"font-weight: 400;\">que se realizar\u00e1 del<\/span><b> 15 al 17 de julio en el Pabell\u00f3n I y el Edificio Cero+Infinito de Ciudad Universitaria.<\/b><\/p>\n<p><b>Hasta el 2\/6 inclusive<\/b><span style=\"font-weight: 400;\"> estar\u00e1 abierta la pre-inscripci\u00f3n a las actividades. Para anotar a cursos o escuelas, completen el formulario haciendo click <\/span><a href=\"https:\/\/docs.google.com\/forms\/d\/e\/1FAIpQLSfr74I_NsDM-PMsnPeEOyTmCQw6dmKQXpHQCCZ9YhLInMYbIw\/viewform?usp=sharing&amp;ouid=106644909055211921976\"><span style=\"font-weight: 400;\">aqu\u00ed<\/span><\/a><\/p>\n<h4><a href=\"https:\/\/exactas.uba.ar\/popularizacion\/semanas-de-las-ciencias\/semanas-2025\/\"><span style=\"font-weight: 400;\">M\u00c1S INFO<\/span><\/a><\/h4>\n","protected":false},"excerpt":{"rendered":"Les invitamos a participar de la Semana de la Computaci\u00f3n y de las Ciencias de Datos que se realizar\u00e1 del 15 al 17 de julio en el Pabell\u00f3n I y el Edificio Cero+Infinito de Ciudad Universitaria. Hasta el 2\/6 inclusive estar\u00e1 abierta la pre-inscripci\u00f3n a las actividades. Para anotar a cursos o escuelas, completen el&#8230; <a class=\"view-article\" href=\"https:\/\/exactas.uba.ar\/popularizacion\/semana-de-la-computacion-y-de-las-ciencias-de-datos-2025\/\">LEER +<\/a>","protected":false},"author":2,"featured_media":1589,"comment_status":"closed","ping_status":"closed","sticky":false,"template":"","format":"standard","meta":{"_acf_changed":false,"footnotes":""},"categories":[1,7],"tags":[],"class_list":["post-1588","post","type-post","status-publish","format-standard","has-post-thumbnail","hentry","category-popularizacion","category-semana-de-las-ciencias"],"acf":[],"_links":{"self":[{"href":"https:\/\/exactas.uba.ar\/popularizacion\/wp-json\/wp\/v2\/posts\/1588","targetHints":{"allow":["GET"]}}],"collection":[{"href":"https:\/\/exactas.uba.ar\/popularizacion\/wp-json\/wp\/v2\/posts"}],"about":[{"href":"https:\/\/exactas.uba.ar\/popularizacion\/wp-json\/wp\/v2\/types\/post"}],"author":[{"embeddable":true,"href":"https:\/\/exactas.uba.ar\/popularizacion\/wp-json\/wp\/v2\/users\/2"}],"replies":[{"embeddable":true,"href":"https:\/\/exactas.uba.ar\/popularizacion\/wp-json\/wp\/v2\/comments?post=1588"}],"version-history":[{"count":1,"href":"https:\/\/exactas.uba.ar\/popularizacion\/wp-json\/wp\/v2\/posts\/1588\/revisions"}],"predecessor-version":[{"id":1590,"href":"https:\/\/exactas.uba.ar\/popularizacion\/wp-json\/wp\/v2\/posts\/1588\/revisions\/1590"}],"wp:featuredmedia":[{"embeddable":true,"href":"https:\/\/exactas.uba.ar\/popularizacion\/wp-json\/wp\/v2\/media\/1589"}],"wp:attachment":[{"href":"https:\/\/exactas.uba.ar\/popularizacion\/wp-json\/wp\/v2\/media?parent=1588"}],"wp:term":[{"taxonomy":"category","embeddable":true,"href":"https:\/\/exactas.uba.ar\/popularizacion\/wp-json\/wp\/v2\/categories?post=1588"},{"taxonomy":"post_tag","embeddable":true,"href":"https:\/\/exactas.uba.ar\/popularizacion\/wp-json\/wp\/v2\/tags?post=1588"}],"curies":[{"name":"wp","href":"https:\/\/api.w.org\/{rel}","templated":true}]}}