{"id":804,"date":"2026-04-16T14:33:42","date_gmt":"2026-04-16T14:33:42","guid":{"rendered":"https:\/\/exactas.uba.ar\/equidadygeneros\/?p=804"},"modified":"2026-04-16T14:51:33","modified_gmt":"2026-04-16T14:51:33","slug":"anamariafernandez","status":"publish","type":"post","link":"https:\/\/exactas.uba.ar\/equidadygeneros\/2026\/04\/16\/anamariafernandez\/","title":{"rendered":"Conversando con Ana Mar\u00eda Fern\u00e1ndez: malestares, pol\u00edticas y subjetividades contempor\u00e1neas"},"content":{"rendered":"<p>El pr\u00f3ximo <strong>lunes 20 de abril, de 17 a 18:30 hs,<\/strong> recibimos en la Facultad a <strong>Ana Mar\u00eda Fern\u00e1ndez<\/strong>, Doctora en Psicolog\u00eda, psicoanalista y referente en estudios de g\u00e9nero y subjetividad, para compartir una conversaci\u00f3n sobre algunos de los malestares que atraviesan hoy la vida acad\u00e9mica.<\/p>\n<p>En este encuentro proponemos abrir un espacio de intercambio en torno a temas que impactan de manera directa en la vida universitaria: las exigencias cotidianas, los v\u00ednculos, la salud mental, las violencias y los efectos de este dif\u00edcil contexto sobre quienes trabajamos y estudiamos en la universidad.<\/p>\n<p>La actividad est\u00e1 dirigida a la comunidad de Exactas interesada en pensar colectivamente estos desaf\u00edos y en seguir construyendo herramientas para abordarlos.<\/p>\n<ul>\n<li>Fecha: Lunes 20 de abril<\/li>\n<li>Horario: 17:00 a 18:30 hs<\/li>\n<li>Lugar: Aula 1401 \u2013 Pabell\u00f3n 0+Infinito<\/li>\n<li>Inscripci\u00f3n en <strong><a href=\"https:\/\/docs.google.com\/forms\/d\/e\/1FAIpQLSdN6a_Bhg7NX3JpHJOutMmQdo3v_O_ywioJT9G_Xoowc8s_cw\/viewform?usp=header\">este link<\/a><\/strong>.<\/li>\n<\/ul>\n<p><strong>Sobre Ana Mar\u00eda Fern\u00e1ndez<\/strong><\/p>\n<p>Ana Mar\u00eda Fern\u00e1ndez Doctora en Psicolog\u00eda, psicoanalista, ha sido profesora plenaria titular de la Universidad de Buenos Aires actualmente profesora consulta. Es profesora Honoris Causa por la Universidad Nacional de Mar del Plata y por la Universidad Nacional de Rosario. Es graduada Ilustre de la Universidad Nacional de La Plata. Fund\u00f3 la primera c\u00e1tedra de Estudios de G\u00e9nero en Latinoam\u00e9rica en 1987 (UBA).<\/p>\n<p><em>Organizan la Secretar\u00eda de Promoci\u00f3n de la Equidad y G\u00e9neros y la Secretar\u00eda Acad\u00e9mica de la Facultad de Ciencias Exactas y Naturales, UBA<\/em>.<\/p>\n<p><img loading=\"lazy\" decoding=\"async\" width=\"700\" height=\"700\" class=\"alignnone size-large wp-image-805\" src=\"https:\/\/exactas.uba.ar\/equidadygeneros\/wp-content\/uploads\/2026\/04\/Charla-Abierta-Ana-Maria-Fernandez-2026-01-1-700x700.jpg\" alt=\"\" srcset=\"https:\/\/exactas.uba.ar\/equidadygeneros\/wp-content\/uploads\/2026\/04\/Charla-Abierta-Ana-Maria-Fernandez-2026-01-1-700x700.jpg 700w, https:\/\/exactas.uba.ar\/equidadygeneros\/wp-content\/uploads\/2026\/04\/Charla-Abierta-Ana-Maria-Fernandez-2026-01-1-150x150.jpg 150w, https:\/\/exactas.uba.ar\/equidadygeneros\/wp-content\/uploads\/2026\/04\/Charla-Abierta-Ana-Maria-Fernandez-2026-01-1-768x768.jpg 768w, https:\/\/exactas.uba.ar\/equidadygeneros\/wp-content\/uploads\/2026\/04\/Charla-Abierta-Ana-Maria-Fernandez-2026-01-1-120x120.jpg 120w, https:\/\/exactas.uba.ar\/equidadygeneros\/wp-content\/uploads\/2026\/04\/Charla-Abierta-Ana-Maria-Fernandez-2026-01-1-550x550.jpg 550w, https:\/\/exactas.uba.ar\/equidadygeneros\/wp-content\/uploads\/2026\/04\/Charla-Abierta-Ana-Maria-Fernandez-2026-01-1.jpg 1080w\" sizes=\"auto, (max-width: 700px) 100vw, 700px\" \/><\/p>\n","protected":false},"excerpt":{"rendered":"El pr\u00f3ximo lunes 20 de abril, de 17 a 18:30 hs, recibimos en la Facultad a Ana Mar\u00eda Fern\u00e1ndez, Doctora en Psicolog\u00eda, psicoanalista y referente en estudios de g\u00e9nero y subjetividad, para compartir una conversaci\u00f3n sobre algunos de los malestares que atraviesan hoy la vida acad\u00e9mica. En este encuentro proponemos abrir un espacio de intercambio&#8230; <a class=\"view-article\" href=\"https:\/\/exactas.uba.ar\/equidadygeneros\/2026\/04\/16\/anamariafernandez\/\">LEER +<\/a>","protected":false},"author":3,"featured_media":0,"comment_status":"open","ping_status":"open","sticky":false,"template":"","format":"standard","meta":{"_acf_changed":false,"footnotes":""},"categories":[1],"tags":[],"class_list":["post-804","post","type-post","status-publish","format-standard","hentry","category-sequigen"],"acf":[],"_links":{"self":[{"href":"https:\/\/exactas.uba.ar\/equidadygeneros\/wp-json\/wp\/v2\/posts\/804","targetHints":{"allow":["GET"]}}],"collection":[{"href":"https:\/\/exactas.uba.ar\/equidadygeneros\/wp-json\/wp\/v2\/posts"}],"about":[{"href":"https:\/\/exactas.uba.ar\/equidadygeneros\/wp-json\/wp\/v2\/types\/post"}],"author":[{"embeddable":true,"href":"https:\/\/exactas.uba.ar\/equidadygeneros\/wp-json\/wp\/v2\/users\/3"}],"replies":[{"embeddable":true,"href":"https:\/\/exactas.uba.ar\/equidadygeneros\/wp-json\/wp\/v2\/comments?post=804"}],"version-history":[{"count":3,"href":"https:\/\/exactas.uba.ar\/equidadygeneros\/wp-json\/wp\/v2\/posts\/804\/revisions"}],"predecessor-version":[{"id":807,"href":"https:\/\/exactas.uba.ar\/equidadygeneros\/wp-json\/wp\/v2\/posts\/804\/revisions\/807"}],"wp:attachment":[{"href":"https:\/\/exactas.uba.ar\/equidadygeneros\/wp-json\/wp\/v2\/media?parent=804"}],"wp:term":[{"taxonomy":"category","embeddable":true,"href":"https:\/\/exactas.uba.ar\/equidadygeneros\/wp-json\/wp\/v2\/categories?post=804"},{"taxonomy":"post_tag","embeddable":true,"href":"https:\/\/exactas.uba.ar\/equidadygeneros\/wp-json\/wp\/v2\/tags?post=804"}],"curies":[{"name":"wp","href":"https:\/\/api.w.org\/{rel}","templated":true}]}}