{"id":631,"date":"2025-06-10T17:12:18","date_gmt":"2025-06-10T17:12:18","guid":{"rendered":"https:\/\/exactas.uba.ar\/equidadygeneros\/?p=631"},"modified":"2026-03-03T17:16:16","modified_gmt":"2026-03-03T17:16:16","slug":"hablemos-de-ciberviolencias","status":"publish","type":"post","link":"https:\/\/exactas.uba.ar\/equidadygeneros\/2025\/06\/10\/hablemos-de-ciberviolencias\/","title":{"rendered":"Hablemos de ciberviolencias"},"content":{"rendered":"<p style=\"text-align: left;\">Les compartimos <strong><a href=\"https:\/\/youtu.be\/SPs5H-S85II?si=Fv1RykaVorF0twim\">un resumen<\/a><\/strong> de las dos charlas que se llevaron adelante en nuestra Facultad para conversar sobre ciberviolencias, en las que tuvimos la oportunidad de charlar con especialistas del Centro de Ciberseguridad Ciudadana de CABA (C-SIRT) y de la Subsecretar\u00eda de Pol\u00edtica Criminal del Ministerio de Justicia y Derechos Humanos de la Provincia de Bs As.<\/p>\n<p style=\"text-align: left;\">Hablamos sobre ciberacoso, doxxing, phishing, grooming, discursos de odio, entre otras modalidades de ciberviolencias a las que estamos expuestos y expuestas en internet. Tambi\u00e9n trabajamos distintos tipos de abordajes, herramientas de prevenci\u00f3n, atenci\u00f3n y normativas existentes en la Universidad y en el pa\u00eds.<\/p>\n<p>Te invitamos a ver el resumen completo en YouTube\ud83d\udc47<\/p>\n<div style=\"position: relative; padding-bottom: 56.25%; height: auto; overflow: hidden; max-width: 100%;\"><iframe style=\"position: absolute; top: 0; left: 0; width: 100%; height: 100%;\" src=\"https:\/\/www.youtube.com\/embed\/SPs5H-S85II\" frameborder=\"0\" allowfullscreen=\"allowfullscreen\"><span data-mce-type=\"bookmark\" style=\"display: inline-block; width: 0px; overflow: hidden; line-height: 0;\" class=\"mce_SELRES_start\">\ufeff<\/span><br \/>\n<\/iframe><\/div>\n\n\t\t<style type=\"text\/css\">\n\t\t\t#gallery-1 {\n\t\t\t\tmargin: auto;\n\t\t\t}\n\t\t\t#gallery-1 .gallery-item {\n\t\t\t\tfloat: left;\n\t\t\t\tmargin-top: 10px;\n\t\t\t\ttext-align: center;\n\t\t\t\twidth: 33%;\n\t\t\t}\n\t\t\t#gallery-1 img {\n\t\t\t\tborder: 2px solid #cfcfcf;\n\t\t\t}\n\t\t\t#gallery-1 .gallery-caption {\n\t\t\t\tmargin-left: 0;\n\t\t\t}\n\t\t\t\/* see gallery_shortcode() in wp-includes\/media.php *\/\n\t\t<\/style>\n\t\t<div id='gallery-1' class='gallery galleryid-631 gallery-columns-3 gallery-size-large'><dl class='gallery-item'>\n\t\t\t<dt class='gallery-icon landscape'>\n\t\t\t\t<a href='https:\/\/exactas.uba.ar\/equidadygeneros\/2025\/06\/10\/hablemos-de-ciberviolencias\/charla-2-2\/'><img loading=\"lazy\" decoding=\"async\" width=\"700\" height=\"467\" src=\"https:\/\/exactas.uba.ar\/equidadygeneros\/wp-content\/uploads\/2025\/06\/charla-2-2-700x467.jpg\" class=\"attachment-large size-large\" alt=\"\" srcset=\"https:\/\/exactas.uba.ar\/equidadygeneros\/wp-content\/uploads\/2025\/06\/charla-2-2-700x467.jpg 700w, https:\/\/exactas.uba.ar\/equidadygeneros\/wp-content\/uploads\/2025\/06\/charla-2-2-768x512.jpg 768w, https:\/\/exactas.uba.ar\/equidadygeneros\/wp-content\/uploads\/2025\/06\/charla-2-2-120x80.jpg 120w, https:\/\/exactas.uba.ar\/equidadygeneros\/wp-content\/uploads\/2025\/06\/charla-2-2-550x367.jpg 550w, https:\/\/exactas.uba.ar\/equidadygeneros\/wp-content\/uploads\/2025\/06\/charla-2-2.jpg 1500w\" sizes=\"auto, (max-width: 700px) 100vw, 700px\" \/><\/a>\n\t\t\t<\/dt><\/dl><dl class='gallery-item'>\n\t\t\t<dt class='gallery-icon landscape'>\n\t\t\t\t<a href='https:\/\/exactas.uba.ar\/equidadygeneros\/2025\/06\/10\/hablemos-de-ciberviolencias\/charla-2-3\/'><img loading=\"lazy\" decoding=\"async\" width=\"700\" height=\"467\" src=\"https:\/\/exactas.uba.ar\/equidadygeneros\/wp-content\/uploads\/2025\/06\/charla-2-3-700x467.jpg\" class=\"attachment-large size-large\" alt=\"\" srcset=\"https:\/\/exactas.uba.ar\/equidadygeneros\/wp-content\/uploads\/2025\/06\/charla-2-3-700x467.jpg 700w, https:\/\/exactas.uba.ar\/equidadygeneros\/wp-content\/uploads\/2025\/06\/charla-2-3-768x512.jpg 768w, https:\/\/exactas.uba.ar\/equidadygeneros\/wp-content\/uploads\/2025\/06\/charla-2-3-120x80.jpg 120w, https:\/\/exactas.uba.ar\/equidadygeneros\/wp-content\/uploads\/2025\/06\/charla-2-3-550x367.jpg 550w, https:\/\/exactas.uba.ar\/equidadygeneros\/wp-content\/uploads\/2025\/06\/charla-2-3.jpg 1500w\" sizes=\"auto, (max-width: 700px) 100vw, 700px\" \/><\/a>\n\t\t\t<\/dt><\/dl><dl class='gallery-item'>\n\t\t\t<dt class='gallery-icon landscape'>\n\t\t\t\t<a href='https:\/\/exactas.uba.ar\/equidadygeneros\/2025\/06\/10\/hablemos-de-ciberviolencias\/charla-12\/'><img loading=\"lazy\" decoding=\"async\" width=\"700\" height=\"467\" src=\"https:\/\/exactas.uba.ar\/equidadygeneros\/wp-content\/uploads\/2025\/06\/charla-12-700x467.jpg\" class=\"attachment-large size-large\" alt=\"Cobertura fotogr\u00e1fica de la actividad.\" srcset=\"https:\/\/exactas.uba.ar\/equidadygeneros\/wp-content\/uploads\/2025\/06\/charla-12-700x467.jpg 700w, https:\/\/exactas.uba.ar\/equidadygeneros\/wp-content\/uploads\/2025\/06\/charla-12-768x512.jpg 768w, https:\/\/exactas.uba.ar\/equidadygeneros\/wp-content\/uploads\/2025\/06\/charla-12-120x80.jpg 120w, https:\/\/exactas.uba.ar\/equidadygeneros\/wp-content\/uploads\/2025\/06\/charla-12-550x367.jpg 550w, https:\/\/exactas.uba.ar\/equidadygeneros\/wp-content\/uploads\/2025\/06\/charla-12.jpg 1500w\" sizes=\"auto, (max-width: 700px) 100vw, 700px\" \/><\/a>\n\t\t\t<\/dt><\/dl><br style=\"clear: both\" \/><dl class='gallery-item'>\n\t\t\t<dt class='gallery-icon landscape'>\n\t\t\t\t<a href='https:\/\/exactas.uba.ar\/equidadygeneros\/2025\/06\/10\/hablemos-de-ciberviolencias\/charla-2-1\/'><img loading=\"lazy\" decoding=\"async\" width=\"700\" height=\"467\" src=\"https:\/\/exactas.uba.ar\/equidadygeneros\/wp-content\/uploads\/2025\/06\/charla-2-1-700x467.jpg\" class=\"attachment-large size-large\" alt=\"\" srcset=\"https:\/\/exactas.uba.ar\/equidadygeneros\/wp-content\/uploads\/2025\/06\/charla-2-1-700x467.jpg 700w, https:\/\/exactas.uba.ar\/equidadygeneros\/wp-content\/uploads\/2025\/06\/charla-2-1-768x512.jpg 768w, https:\/\/exactas.uba.ar\/equidadygeneros\/wp-content\/uploads\/2025\/06\/charla-2-1-120x80.jpg 120w, https:\/\/exactas.uba.ar\/equidadygeneros\/wp-content\/uploads\/2025\/06\/charla-2-1-550x367.jpg 550w, https:\/\/exactas.uba.ar\/equidadygeneros\/wp-content\/uploads\/2025\/06\/charla-2-1.jpg 1500w\" sizes=\"auto, (max-width: 700px) 100vw, 700px\" \/><\/a>\n\t\t\t<\/dt><\/dl><dl class='gallery-item'>\n\t\t\t<dt class='gallery-icon landscape'>\n\t\t\t\t<a href='https:\/\/exactas.uba.ar\/equidadygeneros\/2025\/06\/10\/hablemos-de-ciberviolencias\/charla-2-0\/'><img loading=\"lazy\" decoding=\"async\" width=\"700\" height=\"467\" src=\"https:\/\/exactas.uba.ar\/equidadygeneros\/wp-content\/uploads\/2025\/06\/charla-2-0-700x467.jpg\" class=\"attachment-large size-large\" alt=\"\" srcset=\"https:\/\/exactas.uba.ar\/equidadygeneros\/wp-content\/uploads\/2025\/06\/charla-2-0-700x467.jpg 700w, https:\/\/exactas.uba.ar\/equidadygeneros\/wp-content\/uploads\/2025\/06\/charla-2-0-768x512.jpg 768w, https:\/\/exactas.uba.ar\/equidadygeneros\/wp-content\/uploads\/2025\/06\/charla-2-0-120x80.jpg 120w, https:\/\/exactas.uba.ar\/equidadygeneros\/wp-content\/uploads\/2025\/06\/charla-2-0-550x367.jpg 550w, https:\/\/exactas.uba.ar\/equidadygeneros\/wp-content\/uploads\/2025\/06\/charla-2-0.jpg 1500w\" sizes=\"auto, (max-width: 700px) 100vw, 700px\" \/><\/a>\n\t\t\t<\/dt><\/dl>\n\t\t\t<br style='clear: both' \/>\n\t\t<\/div>\n\n","protected":false},"excerpt":{"rendered":"Les compartimos un resumen de las dos charlas que se llevaron adelante en nuestra Facultad para conversar sobre ciberviolencias, en las que tuvimos la oportunidad de charlar con especialistas del Centro de Ciberseguridad Ciudadana de CABA (C-SIRT) y de la Subsecretar\u00eda de Pol\u00edtica Criminal del Ministerio de Justicia y Derechos Humanos de la Provincia de&#8230; <a class=\"view-article\" href=\"https:\/\/exactas.uba.ar\/equidadygeneros\/2025\/06\/10\/hablemos-de-ciberviolencias\/\">LEER +<\/a>","protected":false},"author":3,"featured_media":0,"comment_status":"open","ping_status":"open","sticky":false,"template":"","format":"standard","meta":{"_acf_changed":false,"footnotes":""},"categories":[1],"tags":[],"class_list":["post-631","post","type-post","status-publish","format-standard","hentry","category-sequigen"],"acf":[],"_links":{"self":[{"href":"https:\/\/exactas.uba.ar\/equidadygeneros\/wp-json\/wp\/v2\/posts\/631","targetHints":{"allow":["GET"]}}],"collection":[{"href":"https:\/\/exactas.uba.ar\/equidadygeneros\/wp-json\/wp\/v2\/posts"}],"about":[{"href":"https:\/\/exactas.uba.ar\/equidadygeneros\/wp-json\/wp\/v2\/types\/post"}],"author":[{"embeddable":true,"href":"https:\/\/exactas.uba.ar\/equidadygeneros\/wp-json\/wp\/v2\/users\/3"}],"replies":[{"embeddable":true,"href":"https:\/\/exactas.uba.ar\/equidadygeneros\/wp-json\/wp\/v2\/comments?post=631"}],"version-history":[{"count":8,"href":"https:\/\/exactas.uba.ar\/equidadygeneros\/wp-json\/wp\/v2\/posts\/631\/revisions"}],"predecessor-version":[{"id":644,"href":"https:\/\/exactas.uba.ar\/equidadygeneros\/wp-json\/wp\/v2\/posts\/631\/revisions\/644"}],"wp:attachment":[{"href":"https:\/\/exactas.uba.ar\/equidadygeneros\/wp-json\/wp\/v2\/media?parent=631"}],"wp:term":[{"taxonomy":"category","embeddable":true,"href":"https:\/\/exactas.uba.ar\/equidadygeneros\/wp-json\/wp\/v2\/categories?post=631"},{"taxonomy":"post_tag","embeddable":true,"href":"https:\/\/exactas.uba.ar\/equidadygeneros\/wp-json\/wp\/v2\/tags?post=631"}],"curies":[{"name":"wp","href":"https:\/\/api.w.org\/{rel}","templated":true}]}}