{"id":624,"date":"2025-06-09T18:52:17","date_gmt":"2025-06-09T18:52:17","guid":{"rendered":"https:\/\/exactas.uba.ar\/equidadygeneros\/?p=624"},"modified":"2025-06-09T18:53:55","modified_gmt":"2025-06-09T18:53:55","slug":"genex-abierto","status":"publish","type":"post","link":"https:\/\/exactas.uba.ar\/equidadygeneros\/2025\/06\/09\/genex-abierto\/","title":{"rendered":"=GenEx Abierto"},"content":{"rendered":"<h2><strong>\u00a1Se viene GenEx Abierto!\u00a0<\/strong><\/h2>\n<p>Acercate a conocer el equipo de =GenEx, compartinos dudas, dejanos sugerencias, reclamos, pensamientos o simplemente \u00a1ven\u00ed a charlar! Queremos escucharte, responder inquietudes y construir juntxs un entorno m\u00e1s justo e igualitario.<\/p>\n<p><strong>\ud83d\udcc5 26 de junio \ud83d\udccd Pabell\u00f3n 0+Infinito<\/strong><\/p>\n<p><strong>\ud83d\udd59 10 a 12 h Aula 1307<\/strong><br \/>\nEncuentro GenEx Abierto: Un espacio para conversar y pensar en conjunto la igualdad de g\u00e9nero en Exactas \ud83e\uddea\u2640\ufe0f\u2696\ufe0f<\/p>\n<p><strong>\ud83d\udd5c 13:30 a 15 h Aula 1403<\/strong><br \/>\n\u00bfQu\u00e9 piensan los\/as docentes de Exactas-UBA sobre el enfoque de g\u00e9nero? Presentaci\u00f3n de resultados de un estudio de la C\u00e1tedra Regional UNESCO Mujer, Ciencia y Tecnolog\u00eda.<\/p>\n<p>\ud83e\udef6 Abierto a toda la comunidad. \u00a1Te esperamos!<\/p>\n<h3><strong><a href=\"https:\/\/docs.google.com\/forms\/d\/e\/1FAIpQLSc5zMMez2P5_yxtKcxnhG81KSRZ2IX7NSuz2w70kdi3r3ej4g\/viewform?usp=header\">\ud83d\udc49 Inscribite ac\u00e1<\/a><\/strong><\/h3>\n\n\t\t<style type=\"text\/css\">\n\t\t\t#gallery-1 {\n\t\t\t\tmargin: auto;\n\t\t\t}\n\t\t\t#gallery-1 .gallery-item {\n\t\t\t\tfloat: left;\n\t\t\t\tmargin-top: 10px;\n\t\t\t\ttext-align: center;\n\t\t\t\twidth: 33%;\n\t\t\t}\n\t\t\t#gallery-1 img {\n\t\t\t\tborder: 2px solid #cfcfcf;\n\t\t\t}\n\t\t\t#gallery-1 .gallery-caption {\n\t\t\t\tmargin-left: 0;\n\t\t\t}\n\t\t\t\/* see gallery_shortcode() in wp-includes\/media.php *\/\n\t\t<\/style>\n\t\t<div id='gallery-1' class='gallery galleryid-624 gallery-columns-3 gallery-size-large'><dl class='gallery-item'>\n\t\t\t<dt class='gallery-icon portrait'>\n\t\t\t\t<a href='https:\/\/exactas.uba.ar\/equidadygeneros\/2025\/06\/09\/genex-abierto\/placa-genex-abierto-2\/'><img loading=\"lazy\" decoding=\"async\" width=\"576\" height=\"1024\" src=\"https:\/\/exactas.uba.ar\/equidadygeneros\/wp-content\/uploads\/2025\/06\/Placa-Genex-Abierto-2-700x1244.jpg\" class=\"attachment-large size-large\" alt=\"\" srcset=\"https:\/\/exactas.uba.ar\/equidadygeneros\/wp-content\/uploads\/2025\/06\/Placa-Genex-Abierto-2-700x1244.jpg 700w, https:\/\/exactas.uba.ar\/equidadygeneros\/wp-content\/uploads\/2025\/06\/Placa-Genex-Abierto-2-768x1365.jpg 768w, https:\/\/exactas.uba.ar\/equidadygeneros\/wp-content\/uploads\/2025\/06\/Placa-Genex-Abierto-2-864x1536.jpg 864w, https:\/\/exactas.uba.ar\/equidadygeneros\/wp-content\/uploads\/2025\/06\/Placa-Genex-Abierto-2-1152x2048.jpg 1152w, https:\/\/exactas.uba.ar\/equidadygeneros\/wp-content\/uploads\/2025\/06\/Placa-Genex-Abierto-2-120x213.jpg 120w, https:\/\/exactas.uba.ar\/equidadygeneros\/wp-content\/uploads\/2025\/06\/Placa-Genex-Abierto-2-550x978.jpg 550w, https:\/\/exactas.uba.ar\/equidadygeneros\/wp-content\/uploads\/2025\/06\/Placa-Genex-Abierto-2-scaled.jpg 1440w\" sizes=\"auto, (max-width: 576px) 100vw, 576px\" \/><\/a>\n\t\t\t<\/dt><\/dl>\n\t\t\t<br style='clear: both' \/>\n\t\t<\/div>\n\n","protected":false},"excerpt":{"rendered":"\u00a1Se viene GenEx Abierto!\u00a0 Acercate a conocer el equipo de =GenEx, compartinos dudas, dejanos sugerencias, reclamos, pensamientos o simplemente \u00a1ven\u00ed a charlar! Queremos escucharte, responder inquietudes y construir juntxs un entorno m\u00e1s justo e igualitario. \ud83d\udcc5 26 de junio \ud83d\udccd Pabell\u00f3n 0+Infinito \ud83d\udd59 10 a 12 h Aula 1307 Encuentro GenEx Abierto: Un espacio para&#8230; <a class=\"view-article\" href=\"https:\/\/exactas.uba.ar\/equidadygeneros\/2025\/06\/09\/genex-abierto\/\">LEER +<\/a>","protected":false},"author":3,"featured_media":0,"comment_status":"open","ping_status":"open","sticky":false,"template":"","format":"standard","meta":{"_acf_changed":false,"footnotes":""},"categories":[1],"tags":[],"class_list":["post-624","post","type-post","status-publish","format-standard","hentry","category-sequigen"],"acf":[],"_links":{"self":[{"href":"https:\/\/exactas.uba.ar\/equidadygeneros\/wp-json\/wp\/v2\/posts\/624","targetHints":{"allow":["GET"]}}],"collection":[{"href":"https:\/\/exactas.uba.ar\/equidadygeneros\/wp-json\/wp\/v2\/posts"}],"about":[{"href":"https:\/\/exactas.uba.ar\/equidadygeneros\/wp-json\/wp\/v2\/types\/post"}],"author":[{"embeddable":true,"href":"https:\/\/exactas.uba.ar\/equidadygeneros\/wp-json\/wp\/v2\/users\/3"}],"replies":[{"embeddable":true,"href":"https:\/\/exactas.uba.ar\/equidadygeneros\/wp-json\/wp\/v2\/comments?post=624"}],"version-history":[{"count":5,"href":"https:\/\/exactas.uba.ar\/equidadygeneros\/wp-json\/wp\/v2\/posts\/624\/revisions"}],"predecessor-version":[{"id":630,"href":"https:\/\/exactas.uba.ar\/equidadygeneros\/wp-json\/wp\/v2\/posts\/624\/revisions\/630"}],"wp:attachment":[{"href":"https:\/\/exactas.uba.ar\/equidadygeneros\/wp-json\/wp\/v2\/media?parent=624"}],"wp:term":[{"taxonomy":"category","embeddable":true,"href":"https:\/\/exactas.uba.ar\/equidadygeneros\/wp-json\/wp\/v2\/categories?post=624"},{"taxonomy":"post_tag","embeddable":true,"href":"https:\/\/exactas.uba.ar\/equidadygeneros\/wp-json\/wp\/v2\/tags?post=624"}],"curies":[{"name":"wp","href":"https:\/\/api.w.org\/{rel}","templated":true}]}}