{"id":595,"date":"2025-03-25T17:14:10","date_gmt":"2025-03-25T17:14:10","guid":{"rendered":"https:\/\/exactas.uba.ar\/equidadygeneros\/?p=595"},"modified":"2025-03-25T17:14:10","modified_gmt":"2025-03-25T17:14:10","slug":"curso-de-genero-de-la-uba","status":"publish","type":"post","link":"https:\/\/exactas.uba.ar\/equidadygeneros\/2025\/03\/25\/curso-de-genero-de-la-uba\/","title":{"rendered":"Curso de g\u00e9nero de la UBA"},"content":{"rendered":"<p>Se encuentra abierta la inscripci\u00f3n para el Curso en tem\u00e1tica de g\u00e9nero de la UBA (estipulado por la Res. CS 1995\/2019 en l\u00ednea con lo dispuesto por la Ley Micaela, ley N\u00ba 27.499) para docentes, estudiantes y nodocentes de todas las unidades acad\u00e9micas, organizado por la Secretar\u00eda de Asuntos Acad\u00e9micos del Rectorado UBA.<\/p>\n<p>Fechas disponibles:<br \/>\n<strong>Primera edici\u00f3n<\/strong>: 17\/3 al 11\/5<br \/>\n<strong>Segunda edici\u00f3n<\/strong>: 9\/6 al 3\/8<\/p>\n<p>Se realiza a trav\u00e9s del <strong><a href=\"https:\/\/campus.clavesacademica.rec.uba.ar\/\">Campus Claves Acad\u00e9mica<\/a><\/strong><\/p>\n<p>Pasos a seguir:<\/p>\n<ol>\n<li>Hacete un usuario en el <a href=\"https:\/\/campus.clavesacademica.rec.uba.ar\/\">Campus Claves Acad\u00e9mica<\/a>.<\/li>\n<li>Ingresa al portal del curso y matriculate con la siguiente clave: \u201c<strong>g\u00e9nero2025<\/strong>\u201d (sin espacios, con min\u00fasculas y tilde en la \u201ce\u201d)<\/li>\n<li>Al finalizar, descarga tu certificado de realizaci\u00f3n del curso.<\/li>\n<\/ol>\n<p>Por cualquier consulta o inconveniente escribir a: <strong>cursogenero@uba.ar<\/strong><\/p>\n","protected":false},"excerpt":{"rendered":"Se encuentra abierta la inscripci\u00f3n para el Curso en tem\u00e1tica de g\u00e9nero de la UBA (estipulado por la Res. CS 1995\/2019 en l\u00ednea con lo dispuesto por la Ley Micaela, ley N\u00ba 27.499) para docentes, estudiantes y nodocentes de todas las unidades acad\u00e9micas, organizado por la Secretar\u00eda de Asuntos Acad\u00e9micos del Rectorado UBA. Fechas disponibles:&#8230; <a class=\"view-article\" href=\"https:\/\/exactas.uba.ar\/equidadygeneros\/2025\/03\/25\/curso-de-genero-de-la-uba\/\">LEER +<\/a>","protected":false},"author":10,"featured_media":0,"comment_status":"open","ping_status":"open","sticky":false,"template":"","format":"standard","meta":{"_acf_changed":false,"footnotes":""},"categories":[1],"tags":[],"class_list":["post-595","post","type-post","status-publish","format-standard","hentry","category-sequigen"],"acf":[],"_links":{"self":[{"href":"https:\/\/exactas.uba.ar\/equidadygeneros\/wp-json\/wp\/v2\/posts\/595","targetHints":{"allow":["GET"]}}],"collection":[{"href":"https:\/\/exactas.uba.ar\/equidadygeneros\/wp-json\/wp\/v2\/posts"}],"about":[{"href":"https:\/\/exactas.uba.ar\/equidadygeneros\/wp-json\/wp\/v2\/types\/post"}],"author":[{"embeddable":true,"href":"https:\/\/exactas.uba.ar\/equidadygeneros\/wp-json\/wp\/v2\/users\/10"}],"replies":[{"embeddable":true,"href":"https:\/\/exactas.uba.ar\/equidadygeneros\/wp-json\/wp\/v2\/comments?post=595"}],"version-history":[{"count":1,"href":"https:\/\/exactas.uba.ar\/equidadygeneros\/wp-json\/wp\/v2\/posts\/595\/revisions"}],"predecessor-version":[{"id":596,"href":"https:\/\/exactas.uba.ar\/equidadygeneros\/wp-json\/wp\/v2\/posts\/595\/revisions\/596"}],"wp:attachment":[{"href":"https:\/\/exactas.uba.ar\/equidadygeneros\/wp-json\/wp\/v2\/media?parent=595"}],"wp:term":[{"taxonomy":"category","embeddable":true,"href":"https:\/\/exactas.uba.ar\/equidadygeneros\/wp-json\/wp\/v2\/categories?post=595"},{"taxonomy":"post_tag","embeddable":true,"href":"https:\/\/exactas.uba.ar\/equidadygeneros\/wp-json\/wp\/v2\/tags?post=595"}],"curies":[{"name":"wp","href":"https:\/\/api.w.org\/{rel}","templated":true}]}}